{"id":2492,"date":"2015-07-13T10:45:06","date_gmt":"2015-07-13T08:45:06","guid":{"rendered":"http:\/\/uralroikka.fi\/sivut\/?p=2492"},"modified":"2016-07-14T10:32:32","modified_gmt":"2016-07-14T08:32:32","slug":"25-roikkaralli-15-17-7-2016-orivesi","status":"publish","type":"post","link":"https:\/\/uralroikka.fi\/sivut\/?p=2492","title":{"rendered":"25. Roikkaralli 15.-17.7.2016 Orivesi"},"content":{"rendered":"<p>25. Roikkaralli j\u00e4rjestet\u00e4\u00e4n 15.-17.7.2016 Orivedell\u00e4 S\u00e4yn\u00e4niemen leirint\u00e4alueella.<\/p>\n<p>Lis\u00e4tietoa Ural Roikan foorumilla: <a href=\"http:\/\/uralroikka.fi\/pulinat\/viewtopic.php?f=10&amp;t=10069&amp;p=83371#p83371\"> RoikkaRalli 2016 Oriveden S\u00e4yn\u00e4niemess\u00e4 15.-17.7.2016. <\/a><\/p>\n<p><a href=\"http:\/\/uralroikka.fi\/sivut\/wp-content\/uploads\/2015\/07\/roikkaralli2016.png\"><img loading=\"lazy\" decoding=\"async\" class=\"  wp-image-2502 aligncenter\" src=\"http:\/\/uralroikka.fi\/sivut\/wp-content\/uploads\/2015\/07\/roikkaralli2016-724x1024.png\" alt=\"roikkaralli2016\" width=\"550\" height=\"778\" srcset=\"https:\/\/uralroikka.fi\/sivut\/wp-content\/uploads\/2015\/07\/roikkaralli2016-724x1024.png 724w, https:\/\/uralroikka.fi\/sivut\/wp-content\/uploads\/2015\/07\/roikkaralli2016-300x424.png 300w, https:\/\/uralroikka.fi\/sivut\/wp-content\/uploads\/2015\/07\/roikkaralli2016-212x300.png 212w, https:\/\/uralroikka.fi\/sivut\/wp-content\/uploads\/2015\/07\/roikkaralli2016.png 1192w\" sizes=\"auto, (max-width: 550px) 100vw, 550px\" \/><\/a><\/p>\n<p>&nbsp;<\/p>\n<p>&nbsp;<\/p>\n","protected":false},"excerpt":{"rendered":"<p>25. Roikkaralli j\u00e4rjestet\u00e4\u00e4n 15.-17.7.2016 Orivedell\u00e4 S\u00e4yn\u00e4niemen leirint\u00e4alueella. Lis\u00e4tietoa Ural Roikan foorumilla: RoikkaRalli 2016 Oriveden S\u00e4yn\u00e4niemess\u00e4 15.-17.7.2016. &nbsp; &nbsp;<\/p>\n","protected":false},"author":9,"featured_media":0,"comment_status":"closed","ping_status":"closed","sticky":false,"template":"","format":"standard","meta":{"footnotes":""},"categories":[70,65],"tags":[],"class_list":["post-2492","post","type-post","status-publish","format-standard","hentry","category-roikkaralli","category-tapahtumia"],"_links":{"self":[{"href":"https:\/\/uralroikka.fi\/sivut\/index.php?rest_route=\/wp\/v2\/posts\/2492","targetHints":{"allow":["GET"]}}],"collection":[{"href":"https:\/\/uralroikka.fi\/sivut\/index.php?rest_route=\/wp\/v2\/posts"}],"about":[{"href":"https:\/\/uralroikka.fi\/sivut\/index.php?rest_route=\/wp\/v2\/types\/post"}],"author":[{"embeddable":true,"href":"https:\/\/uralroikka.fi\/sivut\/index.php?rest_route=\/wp\/v2\/users\/9"}],"replies":[{"embeddable":true,"href":"https:\/\/uralroikka.fi\/sivut\/index.php?rest_route=%2Fwp%2Fv2%2Fcomments&post=2492"}],"version-history":[{"count":6,"href":"https:\/\/uralroikka.fi\/sivut\/index.php?rest_route=\/wp\/v2\/posts\/2492\/revisions"}],"predecessor-version":[{"id":2506,"href":"https:\/\/uralroikka.fi\/sivut\/index.php?rest_route=\/wp\/v2\/posts\/2492\/revisions\/2506"}],"wp:attachment":[{"href":"https:\/\/uralroikka.fi\/sivut\/index.php?rest_route=%2Fwp%2Fv2%2Fmedia&parent=2492"}],"wp:term":[{"taxonomy":"category","embeddable":true,"href":"https:\/\/uralroikka.fi\/sivut\/index.php?rest_route=%2Fwp%2Fv2%2Fcategories&post=2492"},{"taxonomy":"post_tag","embeddable":true,"href":"https:\/\/uralroikka.fi\/sivut\/index.php?rest_route=%2Fwp%2Fv2%2Ftags&post=2492"}],"curies":[{"name":"wp","href":"https:\/\/api.w.org\/{rel}","templated":true}]}}